{"id":530,"date":"2025-04-03T06:48:05","date_gmt":"2025-04-03T06:48:05","guid":{"rendered":"https:\/\/blms4bu.org\/?p=530"},"modified":"2025-04-03T06:48:08","modified_gmt":"2025-04-03T06:48:08","slug":"deuxieme-reunion-mondiale-oms-ntd","status":"publish","type":"post","link":"https:\/\/blms4bu.org\/fr\/deuxieme-reunion-mondiale-oms-ntd\/","title":{"rendered":"Le consortium BLMs4BU \u00e0 la deuxi\u00e8me r\u00e9union mondiale de l&rsquo;OMS sur les maladies tropicales n\u00e9glig\u00e9es"},"content":{"rendered":"\n<p>La <strong>deuxi\u00e8me r\u00e9union mondiale sur les maladies tropicales n\u00e9glig\u00e9es (MTN) cutan\u00e9es, qui s&rsquo;est tenue du 24 au 26 mars 2025<\/strong> \u00e0 Gen\u00e8ve (Suisse), a \u00e9t\u00e9 bien repr\u00e9sent\u00e9e par le consortium BLMs4BU.<\/p>\n\n\n<div class=\"wp-block-image\">\n<figure class=\"aligncenter size-large\"><img decoding=\"async\" width=\"1024\" height=\"770\" src=\"https:\/\/blms4bu.org\/wp-content\/uploads\/2025\/04\/OMS_Foto_Christian2-1024x770.jpeg\" alt=\"\" class=\"wp-image-525\" srcset=\"https:\/\/blms4bu.org\/wp-content\/uploads\/2025\/04\/OMS_Foto_Christian2-1024x770.jpeg 1024w, https:\/\/blms4bu.org\/wp-content\/uploads\/2025\/04\/OMS_Foto_Christian2-300x226.jpeg 300w, https:\/\/blms4bu.org\/wp-content\/uploads\/2025\/04\/OMS_Foto_Christian2-768x578.jpeg 768w, https:\/\/blms4bu.org\/wp-content\/uploads\/2025\/04\/OMS_Foto_Christian2.jpeg 1280w\" sizes=\"(max-width: 1024px) 100vw, 1024px\" \/><\/figure>\n<\/div>\n\n\n<p>Au cours de la r\u00e9union, le <strong>Dr Christian Johnson<\/strong>, de l&rsquo;Universit\u00e9 d&rsquo;Abomey-Calavi et de la Fondation Raoul Follereau, <strong>a pr\u00e9sent\u00e9 les progr\u00e8s de l&rsquo;essai clinique de phase II en cours au B\u00e9nin. <\/strong>Avec pr\u00e8s de 90 % des patients recrut\u00e9s, l&rsquo;essai progresse bien et aucun effet ind\u00e9sirable significatif n&rsquo;a \u00e9t\u00e9 associ\u00e9 au nouveau sch\u00e9ma th\u00e9rapeutique.<\/p>\n\n\n<div class=\"wp-block-image\">\n<figure class=\"aligncenter size-large\"><img decoding=\"async\" width=\"1024\" height=\"768\" src=\"https:\/\/blms4bu.org\/wp-content\/uploads\/2025\/04\/OMS_Foto_ESL-1024x768.jpeg\" alt=\"\" class=\"wp-image-529\" srcset=\"https:\/\/blms4bu.org\/wp-content\/uploads\/2025\/04\/OMS_Foto_ESL-1024x768.jpeg 1024w, https:\/\/blms4bu.org\/wp-content\/uploads\/2025\/04\/OMS_Foto_ESL-300x225.jpeg 300w, https:\/\/blms4bu.org\/wp-content\/uploads\/2025\/04\/OMS_Foto_ESL-768x576.jpeg 768w, https:\/\/blms4bu.org\/wp-content\/uploads\/2025\/04\/OMS_Foto_ESL-1536x1152.jpeg 1536w, https:\/\/blms4bu.org\/wp-content\/uploads\/2025\/04\/OMS_Foto_ESL.jpeg 1600w\" sizes=\"(max-width: 1024px) 100vw, 1024px\" \/><\/figure>\n<\/div>\n\n\n<p><strong>Emma S\u00e1ez<\/strong>, de l&rsquo;Universit\u00e9 de Saragosse, <strong>a pr\u00e9sent\u00e9 les r\u00e9sultats de l&rsquo;\u00e9limination des bact\u00e9ries dans les l\u00e9sions de l&rsquo;ulc\u00e8re de Buruli chez les patients de l&rsquo;\u00e9tude BLMs4BU.<\/strong> Dans son expos\u00e9, elle a pr\u00e9sent\u00e9 des m\u00e9thodes mol\u00e9culaires qui permettent un meilleur suivi clinique de l&rsquo;\u00e9volution de l&rsquo;infection, fournissant des informations pertinentes pour l&rsquo;interpr\u00e9tation des r\u00e9sultats de l&rsquo;essai clinique. En outre, il a pr\u00e9sent\u00e9 une \u00e9tude anid\u00e9e dans BLMs4BU qui vise \u00e0 comprendre l&rsquo;exp\u00e9rience des patients atteints d&rsquo;ulc\u00e8re de Buruli \u00e0 l&rsquo;aide d&rsquo;une approche globale.<\/p>\n\n\n\n<p>Au-del\u00e0 de l&rsquo;essai clinique, la r\u00e9union a compt\u00e9 avec la participation active de membres du consortium tels que <strong>Isra Cruz <\/strong>(Instituto de Salud Carlos III, Espagne), <strong>I\u00f1igo Lasa et Aitor Jim\u00e9nez<\/strong> (Fundaci\u00f3n Anesvad, Espagne), <strong>Santiago Ram\u00f3n-Garc\u00eda<\/strong> (Fundaci\u00f3n ARAID &#8211; Unizar, Espagne),<strong> Esa\u00ef Anagonou et In\u00e8s Elvire Agbo<\/strong> (Universit\u00e9 d&rsquo;Abomey-Calavi, B\u00e9nin), <strong>Richard Phillips<\/strong> (Kwame Nkrumah University of Science and Technology, Ghana), <strong>Aboa Paul Koffi<\/strong> (Programme national ETD de C\u00f4te d&rsquo;Ivoire), <strong>Elena Dacal <\/strong>(SpotLab\/Instituto de Salud Carlos III, Espagne), ainsi que la participation d&rsquo;<strong>autres membres des programmes nationaux des MTN cutan\u00e9es du B\u00e9nin, du Togo, de la C\u00f4te d&rsquo;Ivoire et du Ghana<\/strong>, qui jouent un r\u00f4le essentiel dans la mise en \u0153uvre de l&rsquo;essai clinique.<\/p>\n\n\n\n<p>Toutes les pr\u00e9sentations ont \u00e9t\u00e9 bien accueillies par la communaut\u00e9 scientifique internationale, renfor\u00e7ant l&rsquo;importance de l&rsquo;essai clinique et le r\u00f4le fondamental des institutions qui composent le Consortium BLMs4BU dans la transformation du traitement de l&rsquo;ulc\u00e8re de Buruli dans les ann\u00e9es \u00e0 venir.<\/p>\n","protected":false},"excerpt":{"rendered":"<p>La deuxi\u00e8me r\u00e9union mondiale sur les maladies tropicales n\u00e9glig\u00e9es (MTN) cutan\u00e9es, qui s&rsquo;est tenue du 24 au 26 mars 2025 \u00e0 Gen\u00e8ve (Suisse), a \u00e9t\u00e9 bien repr\u00e9sent\u00e9e par le consortium BLMs4BU.<\/p>\n","protected":false},"author":4,"featured_media":527,"comment_status":"open","ping_status":"open","sticky":false,"template":"","format":"standard","meta":{"content-type":"","footnotes":""},"categories":[28],"tags":[],"class_list":["post-530","post","type-post","status-publish","format-standard","has-post-thumbnail","hentry","category-projet"],"yoast_head":"<!-- This site is optimized with the Yoast SEO plugin v21.2 - https:\/\/yoast.com\/wordpress\/plugins\/seo\/ -->\n<title>Le consortium BLMs4BU \u00e0 la deuxi\u00e8me r\u00e9union mondiale de l&#039;OMS<\/title>\n<meta name=\"description\" content=\"La deuxi\u00e8me r\u00e9union mondiale sur les maladies tropicales n\u00e9glig\u00e9es (MTN) cutan\u00e9es, qui s&#039;est tenue du 24 au 26 mars 2025 \u00e0 Gen\u00e8ve (Suisse), a \u00e9t\u00e9 bien repr\u00e9sent\u00e9e par le consortium BLMs4BU.\" \/>\n<meta name=\"robots\" content=\"index, follow, max-snippet:-1, max-image-preview:large, max-video-preview:-1\" \/>\n<link rel=\"canonical\" href=\"https:\/\/blms4bu.org\/fr\/deuxieme-reunion-mondiale-oms-ntd\/\" \/>\n<meta property=\"og:locale\" content=\"fr_FR\" \/>\n<meta property=\"og:type\" content=\"article\" \/>\n<meta property=\"og:title\" content=\"Le consortium BLMs4BU \u00e0 la deuxi\u00e8me r\u00e9union mondiale de l&#039;OMS\" \/>\n<meta property=\"og:description\" content=\"La deuxi\u00e8me r\u00e9union mondiale sur les maladies tropicales n\u00e9glig\u00e9es (MTN) cutan\u00e9es, qui s&#039;est tenue du 24 au 26 mars 2025 \u00e0 Gen\u00e8ve (Suisse), a \u00e9t\u00e9 bien repr\u00e9sent\u00e9e par le consortium BLMs4BU.\" \/>\n<meta property=\"og:url\" content=\"https:\/\/blms4bu.org\/fr\/deuxieme-reunion-mondiale-oms-ntd\/\" \/>\n<meta property=\"og:site_name\" content=\"BLMs4BU\" \/>\n<meta property=\"article:published_time\" content=\"2025-04-03T06:48:05+00:00\" \/>\n<meta property=\"article:modified_time\" content=\"2025-04-03T06:48:08+00:00\" \/>\n<meta property=\"og:image\" content=\"https:\/\/blms4bu.org\/wp-content\/uploads\/2025\/04\/OMS_Foto_Equipo-del-ensayo-clinico-scaled.jpeg\" \/>\n\t<meta property=\"og:image:width\" content=\"1920\" \/>\n\t<meta property=\"og:image:height\" content=\"1440\" \/>\n\t<meta property=\"og:image:type\" content=\"image\/jpeg\" \/>\n<meta name=\"author\" content=\"Miren\" \/>\n<meta name=\"twitter:card\" content=\"summary_large_image\" \/>\n<meta name=\"twitter:label1\" content=\"\u00c9crit par\" \/>\n\t<meta name=\"twitter:data1\" content=\"Miren\" \/>\n\t<meta name=\"twitter:label2\" content=\"Dur\u00e9e de lecture estim\u00e9e\" \/>\n\t<meta name=\"twitter:data2\" content=\"2 minutes\" \/>\n<script type=\"application\/ld+json\" class=\"yoast-schema-graph\">{\"@context\":\"https:\/\/schema.org\",\"@graph\":[{\"@type\":\"Article\",\"@id\":\"https:\/\/blms4bu.org\/fr\/deuxieme-reunion-mondiale-oms-ntd\/#article\",\"isPartOf\":{\"@id\":\"https:\/\/blms4bu.org\/fr\/deuxieme-reunion-mondiale-oms-ntd\/\"},\"author\":{\"name\":\"Miren\",\"@id\":\"https:\/\/blms4bu.org\/#\/schema\/person\/adc86fb557a2f99bc001434d3df0d32f\"},\"headline\":\"Le consortium BLMs4BU \u00e0 la deuxi\u00e8me r\u00e9union mondiale de l&rsquo;OMS sur les maladies tropicales n\u00e9glig\u00e9es\",\"datePublished\":\"2025-04-03T06:48:05+00:00\",\"dateModified\":\"2025-04-03T06:48:08+00:00\",\"mainEntityOfPage\":{\"@id\":\"https:\/\/blms4bu.org\/fr\/deuxieme-reunion-mondiale-oms-ntd\/\"},\"wordCount\":418,\"commentCount\":0,\"publisher\":{\"@id\":\"https:\/\/blms4bu.org\/#organization\"},\"articleSection\":[\"Projet\"],\"inLanguage\":\"fr-FR\",\"potentialAction\":[{\"@type\":\"CommentAction\",\"name\":\"Comment\",\"target\":[\"https:\/\/blms4bu.org\/fr\/deuxieme-reunion-mondiale-oms-ntd\/#respond\"]}]},{\"@type\":\"WebPage\",\"@id\":\"https:\/\/blms4bu.org\/fr\/deuxieme-reunion-mondiale-oms-ntd\/\",\"url\":\"https:\/\/blms4bu.org\/fr\/deuxieme-reunion-mondiale-oms-ntd\/\",\"name\":\"Le consortium BLMs4BU \u00e0 la deuxi\u00e8me r\u00e9union mondiale de l'OMS\",\"isPartOf\":{\"@id\":\"https:\/\/blms4bu.org\/#website\"},\"datePublished\":\"2025-04-03T06:48:05+00:00\",\"dateModified\":\"2025-04-03T06:48:08+00:00\",\"description\":\"La deuxi\u00e8me r\u00e9union mondiale sur les maladies tropicales n\u00e9glig\u00e9es (MTN) cutan\u00e9es, qui s'est tenue du 24 au 26 mars 2025 \u00e0 Gen\u00e8ve (Suisse), a \u00e9t\u00e9 bien repr\u00e9sent\u00e9e par le consortium BLMs4BU.\",\"breadcrumb\":{\"@id\":\"https:\/\/blms4bu.org\/fr\/deuxieme-reunion-mondiale-oms-ntd\/#breadcrumb\"},\"inLanguage\":\"fr-FR\",\"potentialAction\":[{\"@type\":\"ReadAction\",\"target\":[\"https:\/\/blms4bu.org\/fr\/deuxieme-reunion-mondiale-oms-ntd\/\"]}]},{\"@type\":\"BreadcrumbList\",\"@id\":\"https:\/\/blms4bu.org\/fr\/deuxieme-reunion-mondiale-oms-ntd\/#breadcrumb\",\"itemListElement\":[{\"@type\":\"ListItem\",\"position\":1,\"name\":\"Home\",\"item\":\"https:\/\/blms4bu.org\/fr\/\"},{\"@type\":\"ListItem\",\"position\":2,\"name\":\"Le consortium BLMs4BU \u00e0 la deuxi\u00e8me r\u00e9union mondiale de l&#8217;OMS sur les maladies tropicales n\u00e9glig\u00e9es\"}]},{\"@type\":\"WebSite\",\"@id\":\"https:\/\/blms4bu.org\/#website\",\"url\":\"https:\/\/blms4bu.org\/\",\"name\":\"BLMs4BU\",\"description\":\"Beta-lactam containing regimen to shorten Buruli Ulcer therapy\",\"publisher\":{\"@id\":\"https:\/\/blms4bu.org\/#organization\"},\"potentialAction\":[{\"@type\":\"SearchAction\",\"target\":{\"@type\":\"EntryPoint\",\"urlTemplate\":\"https:\/\/blms4bu.org\/?s={search_term_string}\"},\"query-input\":\"required name=search_term_string\"}],\"inLanguage\":\"fr-FR\"},{\"@type\":\"Organization\",\"@id\":\"https:\/\/blms4bu.org\/#organization\",\"name\":\"BLMs4BU\",\"url\":\"https:\/\/blms4bu.org\/\",\"logo\":{\"@type\":\"ImageObject\",\"inLanguage\":\"fr-FR\",\"@id\":\"https:\/\/blms4bu.org\/#\/schema\/logo\/image\/\",\"url\":\"https:\/\/blms4bu.org\/wp-content\/uploads\/2023\/03\/logo-blms4bu.png\",\"contentUrl\":\"https:\/\/blms4bu.org\/wp-content\/uploads\/2023\/03\/logo-blms4bu.png\",\"width\":179,\"height\":58,\"caption\":\"BLMs4BU\"},\"image\":{\"@id\":\"https:\/\/blms4bu.org\/#\/schema\/logo\/image\/\"}},{\"@type\":\"Person\",\"@id\":\"https:\/\/blms4bu.org\/#\/schema\/person\/adc86fb557a2f99bc001434d3df0d32f\",\"name\":\"Miren\",\"image\":{\"@type\":\"ImageObject\",\"inLanguage\":\"fr-FR\",\"@id\":\"https:\/\/blms4bu.org\/#\/schema\/person\/image\/\",\"url\":\"https:\/\/secure.gravatar.com\/avatar\/a2d8dd636fb1d0cb6f907c3d51aab07c5229cb7de5b3d7cb58a67b984c4361a3?s=96&d=mm&r=g\",\"contentUrl\":\"https:\/\/secure.gravatar.com\/avatar\/a2d8dd636fb1d0cb6f907c3d51aab07c5229cb7de5b3d7cb58a67b984c4361a3?s=96&d=mm&r=g\",\"caption\":\"Miren\"},\"url\":\"https:\/\/blms4bu.org\/fr\/author\/miren\/\"}]}<\/script>\n<!-- \/ Yoast SEO plugin. -->","yoast_head_json":{"title":"Le consortium BLMs4BU \u00e0 la deuxi\u00e8me r\u00e9union mondiale de l'OMS","description":"La deuxi\u00e8me r\u00e9union mondiale sur les maladies tropicales n\u00e9glig\u00e9es (MTN) cutan\u00e9es, qui s'est tenue du 24 au 26 mars 2025 \u00e0 Gen\u00e8ve (Suisse), a \u00e9t\u00e9 bien repr\u00e9sent\u00e9e par le consortium BLMs4BU.","robots":{"index":"index","follow":"follow","max-snippet":"max-snippet:-1","max-image-preview":"max-image-preview:large","max-video-preview":"max-video-preview:-1"},"canonical":"https:\/\/blms4bu.org\/fr\/deuxieme-reunion-mondiale-oms-ntd\/","og_locale":"fr_FR","og_type":"article","og_title":"Le consortium BLMs4BU \u00e0 la deuxi\u00e8me r\u00e9union mondiale de l'OMS","og_description":"La deuxi\u00e8me r\u00e9union mondiale sur les maladies tropicales n\u00e9glig\u00e9es (MTN) cutan\u00e9es, qui s'est tenue du 24 au 26 mars 2025 \u00e0 Gen\u00e8ve (Suisse), a \u00e9t\u00e9 bien repr\u00e9sent\u00e9e par le consortium BLMs4BU.","og_url":"https:\/\/blms4bu.org\/fr\/deuxieme-reunion-mondiale-oms-ntd\/","og_site_name":"BLMs4BU","article_published_time":"2025-04-03T06:48:05+00:00","article_modified_time":"2025-04-03T06:48:08+00:00","og_image":[{"width":1920,"height":1440,"url":"https:\/\/blms4bu.org\/wp-content\/uploads\/2025\/04\/OMS_Foto_Equipo-del-ensayo-clinico-scaled.jpeg","type":"image\/jpeg"}],"author":"Miren","twitter_card":"summary_large_image","twitter_misc":{"\u00c9crit par":"Miren","Dur\u00e9e de lecture estim\u00e9e":"2 minutes"},"schema":{"@context":"https:\/\/schema.org","@graph":[{"@type":"Article","@id":"https:\/\/blms4bu.org\/fr\/deuxieme-reunion-mondiale-oms-ntd\/#article","isPartOf":{"@id":"https:\/\/blms4bu.org\/fr\/deuxieme-reunion-mondiale-oms-ntd\/"},"author":{"name":"Miren","@id":"https:\/\/blms4bu.org\/#\/schema\/person\/adc86fb557a2f99bc001434d3df0d32f"},"headline":"Le consortium BLMs4BU \u00e0 la deuxi\u00e8me r\u00e9union mondiale de l&rsquo;OMS sur les maladies tropicales n\u00e9glig\u00e9es","datePublished":"2025-04-03T06:48:05+00:00","dateModified":"2025-04-03T06:48:08+00:00","mainEntityOfPage":{"@id":"https:\/\/blms4bu.org\/fr\/deuxieme-reunion-mondiale-oms-ntd\/"},"wordCount":418,"commentCount":0,"publisher":{"@id":"https:\/\/blms4bu.org\/#organization"},"articleSection":["Projet"],"inLanguage":"fr-FR","potentialAction":[{"@type":"CommentAction","name":"Comment","target":["https:\/\/blms4bu.org\/fr\/deuxieme-reunion-mondiale-oms-ntd\/#respond"]}]},{"@type":"WebPage","@id":"https:\/\/blms4bu.org\/fr\/deuxieme-reunion-mondiale-oms-ntd\/","url":"https:\/\/blms4bu.org\/fr\/deuxieme-reunion-mondiale-oms-ntd\/","name":"Le consortium BLMs4BU \u00e0 la deuxi\u00e8me r\u00e9union mondiale de l'OMS","isPartOf":{"@id":"https:\/\/blms4bu.org\/#website"},"datePublished":"2025-04-03T06:48:05+00:00","dateModified":"2025-04-03T06:48:08+00:00","description":"La deuxi\u00e8me r\u00e9union mondiale sur les maladies tropicales n\u00e9glig\u00e9es (MTN) cutan\u00e9es, qui s'est tenue du 24 au 26 mars 2025 \u00e0 Gen\u00e8ve (Suisse), a \u00e9t\u00e9 bien repr\u00e9sent\u00e9e par le consortium BLMs4BU.","breadcrumb":{"@id":"https:\/\/blms4bu.org\/fr\/deuxieme-reunion-mondiale-oms-ntd\/#breadcrumb"},"inLanguage":"fr-FR","potentialAction":[{"@type":"ReadAction","target":["https:\/\/blms4bu.org\/fr\/deuxieme-reunion-mondiale-oms-ntd\/"]}]},{"@type":"BreadcrumbList","@id":"https:\/\/blms4bu.org\/fr\/deuxieme-reunion-mondiale-oms-ntd\/#breadcrumb","itemListElement":[{"@type":"ListItem","position":1,"name":"Home","item":"https:\/\/blms4bu.org\/fr\/"},{"@type":"ListItem","position":2,"name":"Le consortium BLMs4BU \u00e0 la deuxi\u00e8me r\u00e9union mondiale de l&#8217;OMS sur les maladies tropicales n\u00e9glig\u00e9es"}]},{"@type":"WebSite","@id":"https:\/\/blms4bu.org\/#website","url":"https:\/\/blms4bu.org\/","name":"BLMs4BU","description":"Beta-lactam containing regimen to shorten Buruli Ulcer therapy","publisher":{"@id":"https:\/\/blms4bu.org\/#organization"},"potentialAction":[{"@type":"SearchAction","target":{"@type":"EntryPoint","urlTemplate":"https:\/\/blms4bu.org\/?s={search_term_string}"},"query-input":"required name=search_term_string"}],"inLanguage":"fr-FR"},{"@type":"Organization","@id":"https:\/\/blms4bu.org\/#organization","name":"BLMs4BU","url":"https:\/\/blms4bu.org\/","logo":{"@type":"ImageObject","inLanguage":"fr-FR","@id":"https:\/\/blms4bu.org\/#\/schema\/logo\/image\/","url":"https:\/\/blms4bu.org\/wp-content\/uploads\/2023\/03\/logo-blms4bu.png","contentUrl":"https:\/\/blms4bu.org\/wp-content\/uploads\/2023\/03\/logo-blms4bu.png","width":179,"height":58,"caption":"BLMs4BU"},"image":{"@id":"https:\/\/blms4bu.org\/#\/schema\/logo\/image\/"}},{"@type":"Person","@id":"https:\/\/blms4bu.org\/#\/schema\/person\/adc86fb557a2f99bc001434d3df0d32f","name":"Miren","image":{"@type":"ImageObject","inLanguage":"fr-FR","@id":"https:\/\/blms4bu.org\/#\/schema\/person\/image\/","url":"https:\/\/secure.gravatar.com\/avatar\/a2d8dd636fb1d0cb6f907c3d51aab07c5229cb7de5b3d7cb58a67b984c4361a3?s=96&d=mm&r=g","contentUrl":"https:\/\/secure.gravatar.com\/avatar\/a2d8dd636fb1d0cb6f907c3d51aab07c5229cb7de5b3d7cb58a67b984c4361a3?s=96&d=mm&r=g","caption":"Miren"},"url":"https:\/\/blms4bu.org\/fr\/author\/miren\/"}]}},"_links":{"self":[{"href":"https:\/\/blms4bu.org\/fr\/wp-json\/wp\/v2\/posts\/530","targetHints":{"allow":["GET"]}}],"collection":[{"href":"https:\/\/blms4bu.org\/fr\/wp-json\/wp\/v2\/posts"}],"about":[{"href":"https:\/\/blms4bu.org\/fr\/wp-json\/wp\/v2\/types\/post"}],"author":[{"embeddable":true,"href":"https:\/\/blms4bu.org\/fr\/wp-json\/wp\/v2\/users\/4"}],"replies":[{"embeddable":true,"href":"https:\/\/blms4bu.org\/fr\/wp-json\/wp\/v2\/comments?post=530"}],"version-history":[{"count":0,"href":"https:\/\/blms4bu.org\/fr\/wp-json\/wp\/v2\/posts\/530\/revisions"}],"wp:featuredmedia":[{"embeddable":true,"href":"https:\/\/blms4bu.org\/fr\/wp-json\/wp\/v2\/media\/527"}],"wp:attachment":[{"href":"https:\/\/blms4bu.org\/fr\/wp-json\/wp\/v2\/media?parent=530"}],"wp:term":[{"taxonomy":"category","embeddable":true,"href":"https:\/\/blms4bu.org\/fr\/wp-json\/wp\/v2\/categories?post=530"},{"taxonomy":"post_tag","embeddable":true,"href":"https:\/\/blms4bu.org\/fr\/wp-json\/wp\/v2\/tags?post=530"}],"curies":[{"name":"wp","href":"https:\/\/api.w.org\/{rel}","templated":true}]}}